{"id":1512,"date":"2019-04-16T09:59:25","date_gmt":"2019-04-16T09:59:25","guid":{"rendered":"https:\/\/www.bandofcreators.com\/blog\/?p=1512"},"modified":"2019-05-10T08:36:50","modified_gmt":"2019-05-10T08:36:50","slug":"alegeri-editoriale-pentru-o-primavara-cu-stil","status":"publish","type":"post","link":"https:\/\/www.bandofcreators.com\/blog\/2019\/04\/16\/alegeri-editoriale-pentru-o-primavara-cu-stil\/","title":{"rendered":"Alegeri editoriale pentru o prim\u0103var\u0103 cu stil"},"content":{"rendered":"\n<p>&nbsp;&nbsp;&nbsp;&nbsp;&nbsp;&nbsp;&nbsp;&nbsp;&nbsp;&nbsp;&nbsp;&nbsp;&nbsp;&nbsp;&nbsp;&nbsp;&nbsp;&nbsp;&nbsp;&nbsp;&nbsp;&nbsp;&nbsp;&nbsp;&nbsp;&nbsp;&nbsp;&nbsp;&nbsp;&nbsp;&nbsp;&nbsp;&nbsp;&nbsp;&nbsp;&nbsp;&nbsp;&nbsp;&nbsp; <br>\u0218tim c\u0103 nu ai timp s\u0103 r\u0103scole\u0219ti \u00een dressing \u0219i s\u0103 compui \u021binute, a\u0219a c\u0103 echipa noastr\u0103 a propus pentru tine \u0219apte outift-uri cu <a href=\"https:\/\/www.bandofcreators.com\/ro\/produse-noi?p=2\">piesele cheie ale acestui sezon<\/a>. Am ales pentru tine cele mai <a href=\"https:\/\/www.bandofcreators.com\/ro\/12-imbracaminte\">versatile produse<\/a>, ca s\u0103 le po\u021bi purta zi de zi \u0219i le-am completat cu accente de culoare.<\/p>\n\n\n\n<p>Vremea de tranzi\u021bie din lunile de prim\u0103var\u0103 ne\npermite s\u0103 creem suprapuneri intersante, s\u0103 ne juc\u0103m cu texturi dar \u0219i s\u0103\ntrecem de la o \u021binut\u0103 de zi la una de sear\u0103 \u00eentr-o singur\u0103 mi\u0219care. Iat\u0103\nalegerile noastre:<\/p>\n\n\n\n<figure class=\"wp-block-image\"><img loading=\"lazy\" decoding=\"async\" width=\"1024\" height=\"1024\" src=\"https:\/\/www.bandofcreators.com\/blog\/wp-content\/uploads\/2019\/04\/Miercuri-compressor-1024x1024.png\" alt=\"\" class=\"wp-image-1515\" srcset=\"https:\/\/www.bandofcreators.com\/blog\/wp-content\/uploads\/2019\/04\/Miercuri-compressor-1024x1024.png 1024w, https:\/\/www.bandofcreators.com\/blog\/wp-content\/uploads\/2019\/04\/Miercuri-compressor-150x150.png 150w, https:\/\/www.bandofcreators.com\/blog\/wp-content\/uploads\/2019\/04\/Miercuri-compressor-300x300.png 300w, https:\/\/www.bandofcreators.com\/blog\/wp-content\/uploads\/2019\/04\/Miercuri-compressor-768x768.png 768w, https:\/\/www.bandofcreators.com\/blog\/wp-content\/uploads\/2019\/04\/Miercuri-compressor-1170x1170.png 1170w, https:\/\/www.bandofcreators.com\/blog\/wp-content\/uploads\/2019\/04\/Miercuri-compressor-585x585.png 585w, https:\/\/www.bandofcreators.com\/blog\/wp-content\/uploads\/2019\/04\/Miercuri-compressor-640x640.png 640w, https:\/\/www.bandofcreators.com\/blog\/wp-content\/uploads\/2019\/04\/Miercuri-compressor.png 1500w\" sizes=\"auto, (max-width: 1024px) 100vw, 1024px\" \/><\/figure>\n\n\n\n<p> <br><a href=\"https:\/\/www.bandofcreators.com\/ro\/imbracaminte\/2014-rochie-asimetrica-cu-guler-contrastant.html\">1.Rochia noastr\u0103<\/a>  \u201dcea de toate zilele\u201d, vine de la Larisa Dragna cu un accent de culoare  galben neon. <\/p>\n\n\n\n<p>Croiala sa asimetric\u0103 \u0219i m\u00e2necile scurte o fac u\u0219or de  purtat al\u0103turi de o pereche de<a href=\"https:\/\/www.bandofcreators.com\/ro\/pantofi\/1733-pantofi-stiletto-cu-imprimeu-alice.html\"> pantofi stiletto<\/a> \u0219i un blazer cu croial\u0103 clasic\u0103 (<a href=\"https:\/\/www.bandofcreators.com\/ro\/imbracaminte\/626-jacheta-supradimensionata-din-lana.html?search_query=parlor&amp;results=65\">precum cel de la Parlor<\/a>) sau \u00eempreun\u0103 cu un cardigan \u0219i o pereche de pantofi sport\/ avant-garde. Accesorizeaz-o cu <a href=\"https:\/\/www.bandofcreators.com\/ro\/accesorii\/1413-cercei-bianco.html\">bijuterii argintii<\/a> \u0219i un <a href=\"https:\/\/www.bandofcreators.com\/ro\/accesorii\/1318-portofel-negru-din-piele.html\">clutch<\/a>, sau dac\u0103 preferi un look mai optimist, cu cerceii neon  \u0219i dresuri mate.<\/p>\n\n\n\n<figure class=\"wp-block-image\"><img loading=\"lazy\" decoding=\"async\" width=\"1024\" height=\"1024\" src=\"https:\/\/www.bandofcreators.com\/blog\/wp-content\/uploads\/2019\/04\/vineri-compressor-1024x1024.png\" alt=\"\" class=\"wp-image-1516\" srcset=\"https:\/\/www.bandofcreators.com\/blog\/wp-content\/uploads\/2019\/04\/vineri-compressor-1024x1024.png 1024w, https:\/\/www.bandofcreators.com\/blog\/wp-content\/uploads\/2019\/04\/vineri-compressor-150x150.png 150w, https:\/\/www.bandofcreators.com\/blog\/wp-content\/uploads\/2019\/04\/vineri-compressor-300x300.png 300w, https:\/\/www.bandofcreators.com\/blog\/wp-content\/uploads\/2019\/04\/vineri-compressor-768x768.png 768w, https:\/\/www.bandofcreators.com\/blog\/wp-content\/uploads\/2019\/04\/vineri-compressor-1170x1170.png 1170w, https:\/\/www.bandofcreators.com\/blog\/wp-content\/uploads\/2019\/04\/vineri-compressor-585x585.png 585w, https:\/\/www.bandofcreators.com\/blog\/wp-content\/uploads\/2019\/04\/vineri-compressor-640x640.png 640w, https:\/\/www.bandofcreators.com\/blog\/wp-content\/uploads\/2019\/04\/vineri-compressor.png 1500w\" sizes=\"auto, (max-width: 1024px) 100vw, 1024px\" \/><\/figure>\n\n\n\n<p> <a href=\"https:\/\/www.bandofcreators.com\/ro\/imbracaminte\/1579-fusta-midi-cu-decupaj-elea.html\">2. Fusta<\/a> \u201daproape clo\u0219\u201d de la Framboise \u00een culoarea <em>Nebulas Blue <\/em><\/p>\n\n\n\n<p>Merge cu malete, c\u0103m\u0103\u0219i structurate, tricouri cu print \u0219i aproximativ orice vrei tu. Nou\u0103 ne place al\u0103turi de <a href=\"https:\/\/www.bandofcreators.com\/ro\/topuri\/1958-top-din-bumbac-cu-maneci-bufante-alba.html\">topul<\/a> Alba de la Concepto \u0219i <a href=\"https:\/\/www.bandofcreators.com\/ro\/accesorii\/1459-esarfa-roz-din-matase-cu-imprimeu.html\">e\u0219arfa<\/a> diafan\u0103 din m\u0103tase de la Efemere pentru un look romantic actual. Completeaz\u0103 \u021binuta cu o <a href=\"https:\/\/www.bandofcreators.com\/ro\/accesorii\/1192-geanta-bleu-din-piele.html\">geant\u0103<\/a> pastel, o pereche de <a href=\"https:\/\/www.bandofcreators.com\/ro\/pantofi\/1085-stiletto-nude-din-piele-naturala.html\">pantofi<\/a> nude \u0219i <a href=\"https:\/\/www.bandofcreators.com\/ro\/accesorii\/1717-cercei-reversed-10.html\">cerceii Atelier Jamais<\/a>.<\/p>\n\n\n\n<p>3. Pantalonii khaki <em><a href=\"https:\/\/www.bandofcreators.com\/ro\/imbracaminte\/1563-kila-pantaloni.html\">\u201dKila\u201d<\/a><\/em> de la Concepto sunt alegerea noastr\u0103  pentru zilele \u00een care te afli \u00een mi\u0219care dar dore\u0219ti s\u0103 te sim\u021bi  confortabil. Poart\u0103-i cu un <a href=\"https:\/\/www.bandofcreators.com\/ro\/imbracaminte\/1557-hanorac-gri-cu-detaliu-contrastant-zaza.html\">hanorac<\/a>, o <a href=\"https:\/\/www.bandofcreators.com\/ro\/jachete\/1800-jacheta-din-fas-cu-nasturi.html\">geac\u0103 cambrat\u0103<\/a> \u0219i un <a href=\"https:\/\/www.bandofcreators.com\/ro\/accesorii\/1191-rucsac-negru-din-piele.html\">rucsac<\/a> pe timp de zi. Ia cu tine un top negru, o pereche de ghete cu toc \u0219i  transform\u0103 \u021binuta \u00eentr-una urban\u0103 gata pentru un cocktail sau un concert. <\/p>\n\n\n\n<figure class=\"wp-block-image\"><img loading=\"lazy\" decoding=\"async\" width=\"1024\" height=\"1024\" src=\"https:\/\/www.bandofcreators.com\/blog\/wp-content\/uploads\/2019\/04\/Marti-compressor-1024x1024.png\" alt=\"\" class=\"wp-image-1517\" srcset=\"https:\/\/www.bandofcreators.com\/blog\/wp-content\/uploads\/2019\/04\/Marti-compressor-1024x1024.png 1024w, https:\/\/www.bandofcreators.com\/blog\/wp-content\/uploads\/2019\/04\/Marti-compressor-150x150.png 150w, https:\/\/www.bandofcreators.com\/blog\/wp-content\/uploads\/2019\/04\/Marti-compressor-300x300.png 300w, https:\/\/www.bandofcreators.com\/blog\/wp-content\/uploads\/2019\/04\/Marti-compressor-768x768.png 768w, https:\/\/www.bandofcreators.com\/blog\/wp-content\/uploads\/2019\/04\/Marti-compressor-1170x1170.png 1170w, https:\/\/www.bandofcreators.com\/blog\/wp-content\/uploads\/2019\/04\/Marti-compressor-585x585.png 585w, https:\/\/www.bandofcreators.com\/blog\/wp-content\/uploads\/2019\/04\/Marti-compressor-640x640.png 640w, https:\/\/www.bandofcreators.com\/blog\/wp-content\/uploads\/2019\/04\/Marti-compressor.png 1500w\" sizes=\"auto, (max-width: 1024px) 100vw, 1024px\" \/><\/figure>\n\n\n\n<p> 4. Fiesta la birou <\/p>\n\n\n\n<p>Fiesta este culoarea central\u0103 a acestui sezon. Te \u00eentrebai cam cum o po\u021bi purta? Noi \u00ee\u021bi suger\u0103m s\u0103 o integrezi \u00een garderob\u0103 subtil, \u00een forma acestei <a href=\"https:\/\/www.bandofcreators.com\/ro\/rochii\/1567-rochie-asimetrica-orange-cu-nasturi-supradimensionati-freya.html\">rochii c\u0103ma\u0219\u0103<\/a> de la Framboise, pe care o po\u021bi accesoriza u\u0219or cu nuan\u021be neutre sau nude. Pentru zile r\u0103coroase, poart-o al\u0103turi de un sacou sau un cardigan.<\/p>\n\n\n\n<figure class=\"wp-block-image\"><img loading=\"lazy\" decoding=\"async\" width=\"1024\" height=\"1024\" src=\"https:\/\/www.bandofcreators.com\/blog\/wp-content\/uploads\/2019\/04\/Luni-compressor-1024x1024.png\" alt=\"\" class=\"wp-image-1518\" srcset=\"https:\/\/www.bandofcreators.com\/blog\/wp-content\/uploads\/2019\/04\/Luni-compressor-1024x1024.png 1024w, https:\/\/www.bandofcreators.com\/blog\/wp-content\/uploads\/2019\/04\/Luni-compressor-150x150.png 150w, https:\/\/www.bandofcreators.com\/blog\/wp-content\/uploads\/2019\/04\/Luni-compressor-300x300.png 300w, https:\/\/www.bandofcreators.com\/blog\/wp-content\/uploads\/2019\/04\/Luni-compressor-768x768.png 768w, https:\/\/www.bandofcreators.com\/blog\/wp-content\/uploads\/2019\/04\/Luni-compressor-1170x1170.png 1170w, https:\/\/www.bandofcreators.com\/blog\/wp-content\/uploads\/2019\/04\/Luni-compressor-585x585.png 585w, https:\/\/www.bandofcreators.com\/blog\/wp-content\/uploads\/2019\/04\/Luni-compressor-640x640.png 640w, https:\/\/www.bandofcreators.com\/blog\/wp-content\/uploads\/2019\/04\/Luni-compressor.png 1500w\" sizes=\"auto, (max-width: 1024px) 100vw, 1024px\" \/><\/figure>\n\n\n\n<p>Sper\u0103m c\u0103\nte-am inspirat \ud83d\ude42<\/p>\n\n\n\n<p>Until next\ntime,<\/p>\n\n\n\n<p>The Band<\/p>\n\n\n\n<p>\n&#x1f4f7; Fotografii pe manechin invizibil realizate de <a href=\"https:\/\/www.instagram.com\/studio360fashion\/?hl=en\">Studio 360.<\/a><\/p>\n","protected":false},"excerpt":{"rendered":"<p>&nbsp;&nbsp;&nbsp;&nbsp;&nbsp;&nbsp;&nbsp;&nbsp;&nbsp;&nbsp;&nbsp;&nbsp;&nbsp;&nbsp;&nbsp;&nbsp;&nbsp;&nbsp;&nbsp;&nbsp;&nbsp;&nbsp;&nbsp;&nbsp;&nbsp;&nbsp;&nbsp;&nbsp;&nbsp;&nbsp;&nbsp;&nbsp;&nbsp;&nbsp;&nbsp;&nbsp;&nbsp;&nbsp;&nbsp; \u0218tim c\u0103 nu ai timp s\u0103 r\u0103scole\u0219ti \u00een dressing \u0219i s\u0103 compui \u021binute, a\u0219a c\u0103 echipa noastr\u0103 a propus pentru tine \u0219apte&hellip;<\/p>\n","protected":false},"author":1,"featured_media":1560,"comment_status":"open","ping_status":"open","sticky":false,"template":"","format":"standard","meta":{"footnotes":""},"categories":[19],"tags":[],"class_list":["post-1512","post","type-post","status-publish","format-standard","has-post-thumbnail","hentry","category-blog"],"yoast_head":"<!-- This site is optimized with the Yoast SEO plugin v25.1 - https:\/\/yoast.com\/wordpress\/plugins\/seo\/ -->\n<title>Alegeri editoriale pentru o prim\u0103var\u0103 cu stil - Blog BandofCreators<\/title>\n<meta name=\"robots\" content=\"index, follow, max-snippet:-1, max-image-preview:large, max-video-preview:-1\" \/>\n<link rel=\"canonical\" href=\"https:\/\/www.bandofcreators.com\/blog\/2019\/04\/16\/alegeri-editoriale-pentru-o-primavara-cu-stil\/\" \/>\n<meta property=\"og:locale\" content=\"ro_RO\" \/>\n<meta property=\"og:type\" content=\"article\" \/>\n<meta property=\"og:title\" content=\"Alegeri editoriale pentru o prim\u0103var\u0103 cu stil - Blog BandofCreators\" \/>\n<meta property=\"og:description\" content=\"&nbsp;&nbsp;&nbsp;&nbsp;&nbsp;&nbsp;&nbsp;&nbsp;&nbsp;&nbsp;&nbsp;&nbsp;&nbsp;&nbsp;&nbsp;&nbsp;&nbsp;&nbsp;&nbsp;&nbsp;&nbsp;&nbsp;&nbsp;&nbsp;&nbsp;&nbsp;&nbsp;&nbsp;&nbsp;&nbsp;&nbsp;&nbsp;&nbsp;&nbsp;&nbsp;&nbsp;&nbsp;&nbsp;&nbsp; \u0218tim c\u0103 nu ai timp s\u0103 r\u0103scole\u0219ti \u00een dressing \u0219i s\u0103 compui \u021binute, a\u0219a c\u0103 echipa noastr\u0103 a propus pentru tine \u0219apte&hellip;\" \/>\n<meta property=\"og:url\" content=\"https:\/\/www.bandofcreators.com\/blog\/2019\/04\/16\/alegeri-editoriale-pentru-o-primavara-cu-stil\/\" \/>\n<meta property=\"og:site_name\" content=\"Blog BandofCreators\" \/>\n<meta property=\"article:publisher\" content=\"https:\/\/www.facebook.com\/bandofcreators\/\" \/>\n<meta property=\"article:published_time\" content=\"2019-04-16T09:59:25+00:00\" \/>\n<meta property=\"article:modified_time\" content=\"2019-05-10T08:36:50+00:00\" \/>\n<meta property=\"og:image\" content=\"https:\/\/www.bandofcreators.com\/blog\/wp-content\/uploads\/2019\/04\/cover-1.jpg\" \/>\n\t<meta property=\"og:image:width\" content=\"1920\" \/>\n\t<meta property=\"og:image:height\" content=\"1080\" \/>\n\t<meta property=\"og:image:type\" content=\"image\/jpeg\" \/>\n<meta name=\"author\" content=\"The Band\" \/>\n<meta name=\"twitter:card\" content=\"summary_large_image\" \/>\n<meta name=\"twitter:label1\" content=\"Scris de\" \/>\n\t<meta name=\"twitter:data1\" content=\"The Band\" \/>\n\t<meta name=\"twitter:label2\" content=\"Timp estimat pentru citire\" \/>\n\t<meta name=\"twitter:data2\" content=\"2 minute\" \/>\n<script type=\"application\/ld+json\" class=\"yoast-schema-graph\">{\"@context\":\"https:\/\/schema.org\",\"@graph\":[{\"@type\":\"Article\",\"@id\":\"https:\/\/www.bandofcreators.com\/blog\/2019\/04\/16\/alegeri-editoriale-pentru-o-primavara-cu-stil\/#article\",\"isPartOf\":{\"@id\":\"https:\/\/www.bandofcreators.com\/blog\/2019\/04\/16\/alegeri-editoriale-pentru-o-primavara-cu-stil\/\"},\"author\":{\"name\":\"The Band\",\"@id\":\"https:\/\/www.bandofcreators.com\/blog\/#\/schema\/person\/f3322c3d6211d84e05dedd0fe71f5a3f\"},\"headline\":\"Alegeri editoriale pentru o prim\u0103var\u0103 cu stil\",\"datePublished\":\"2019-04-16T09:59:25+00:00\",\"dateModified\":\"2019-05-10T08:36:50+00:00\",\"mainEntityOfPage\":{\"@id\":\"https:\/\/www.bandofcreators.com\/blog\/2019\/04\/16\/alegeri-editoriale-pentru-o-primavara-cu-stil\/\"},\"wordCount\":442,\"commentCount\":0,\"publisher\":{\"@id\":\"https:\/\/www.bandofcreators.com\/blog\/#organization\"},\"image\":{\"@id\":\"https:\/\/www.bandofcreators.com\/blog\/2019\/04\/16\/alegeri-editoriale-pentru-o-primavara-cu-stil\/#primaryimage\"},\"thumbnailUrl\":\"https:\/\/www.bandofcreators.com\/blog\/wp-content\/uploads\/2019\/04\/cover-1.jpg\",\"articleSection\":[\"BLOG\"],\"inLanguage\":\"ro-RO\",\"potentialAction\":[{\"@type\":\"CommentAction\",\"name\":\"Comment\",\"target\":[\"https:\/\/www.bandofcreators.com\/blog\/2019\/04\/16\/alegeri-editoriale-pentru-o-primavara-cu-stil\/#respond\"]}]},{\"@type\":\"WebPage\",\"@id\":\"https:\/\/www.bandofcreators.com\/blog\/2019\/04\/16\/alegeri-editoriale-pentru-o-primavara-cu-stil\/\",\"url\":\"https:\/\/www.bandofcreators.com\/blog\/2019\/04\/16\/alegeri-editoriale-pentru-o-primavara-cu-stil\/\",\"name\":\"Alegeri editoriale pentru o prim\u0103var\u0103 cu stil - Blog BandofCreators\",\"isPartOf\":{\"@id\":\"https:\/\/www.bandofcreators.com\/blog\/#website\"},\"primaryImageOfPage\":{\"@id\":\"https:\/\/www.bandofcreators.com\/blog\/2019\/04\/16\/alegeri-editoriale-pentru-o-primavara-cu-stil\/#primaryimage\"},\"image\":{\"@id\":\"https:\/\/www.bandofcreators.com\/blog\/2019\/04\/16\/alegeri-editoriale-pentru-o-primavara-cu-stil\/#primaryimage\"},\"thumbnailUrl\":\"https:\/\/www.bandofcreators.com\/blog\/wp-content\/uploads\/2019\/04\/cover-1.jpg\",\"datePublished\":\"2019-04-16T09:59:25+00:00\",\"dateModified\":\"2019-05-10T08:36:50+00:00\",\"breadcrumb\":{\"@id\":\"https:\/\/www.bandofcreators.com\/blog\/2019\/04\/16\/alegeri-editoriale-pentru-o-primavara-cu-stil\/#breadcrumb\"},\"inLanguage\":\"ro-RO\",\"potentialAction\":[{\"@type\":\"ReadAction\",\"target\":[\"https:\/\/www.bandofcreators.com\/blog\/2019\/04\/16\/alegeri-editoriale-pentru-o-primavara-cu-stil\/\"]}]},{\"@type\":\"ImageObject\",\"inLanguage\":\"ro-RO\",\"@id\":\"https:\/\/www.bandofcreators.com\/blog\/2019\/04\/16\/alegeri-editoriale-pentru-o-primavara-cu-stil\/#primaryimage\",\"url\":\"https:\/\/www.bandofcreators.com\/blog\/wp-content\/uploads\/2019\/04\/cover-1.jpg\",\"contentUrl\":\"https:\/\/www.bandofcreators.com\/blog\/wp-content\/uploads\/2019\/04\/cover-1.jpg\",\"width\":1920,\"height\":1080},{\"@type\":\"BreadcrumbList\",\"@id\":\"https:\/\/www.bandofcreators.com\/blog\/2019\/04\/16\/alegeri-editoriale-pentru-o-primavara-cu-stil\/#breadcrumb\",\"itemListElement\":[{\"@type\":\"ListItem\",\"position\":1,\"name\":\"Home\",\"item\":\"https:\/\/www.bandofcreators.com\/blog\/\"},{\"@type\":\"ListItem\",\"position\":2,\"name\":\"Alegeri editoriale pentru o prim\u0103var\u0103 cu stil\"}]},{\"@type\":\"WebSite\",\"@id\":\"https:\/\/www.bandofcreators.com\/blog\/#website\",\"url\":\"https:\/\/www.bandofcreators.com\/blog\/\",\"name\":\"Blog BandofCreators\",\"description\":\"Recomandari Haine Designeri Romani\",\"publisher\":{\"@id\":\"https:\/\/www.bandofcreators.com\/blog\/#organization\"},\"potentialAction\":[{\"@type\":\"SearchAction\",\"target\":{\"@type\":\"EntryPoint\",\"urlTemplate\":\"https:\/\/www.bandofcreators.com\/blog\/?s={search_term_string}\"},\"query-input\":{\"@type\":\"PropertyValueSpecification\",\"valueRequired\":true,\"valueName\":\"search_term_string\"}}],\"inLanguage\":\"ro-RO\"},{\"@type\":\"Organization\",\"@id\":\"https:\/\/www.bandofcreators.com\/blog\/#organization\",\"name\":\"Band of Creators\",\"url\":\"https:\/\/www.bandofcreators.com\/blog\/\",\"logo\":{\"@type\":\"ImageObject\",\"inLanguage\":\"ro-RO\",\"@id\":\"https:\/\/www.bandofcreators.com\/blog\/#\/schema\/logo\/image\/\",\"url\":\"https:\/\/www.bandofcreators.com\/blog\/wp-content\/uploads\/2019\/03\/logo-landscape-1-Band-of-Creators-negru-main-logo-pentru-fundal-deschis.jpg\",\"contentUrl\":\"https:\/\/www.bandofcreators.com\/blog\/wp-content\/uploads\/2019\/03\/logo-landscape-1-Band-of-Creators-negru-main-logo-pentru-fundal-deschis.jpg\",\"width\":9470,\"height\":1916,\"caption\":\"Band of Creators\"},\"image\":{\"@id\":\"https:\/\/www.bandofcreators.com\/blog\/#\/schema\/logo\/image\/\"},\"sameAs\":[\"https:\/\/www.facebook.com\/bandofcreators\/\",\"https:\/\/www.instagram.com\/bandofcreators\/\"]},{\"@type\":\"Person\",\"@id\":\"https:\/\/www.bandofcreators.com\/blog\/#\/schema\/person\/f3322c3d6211d84e05dedd0fe71f5a3f\",\"name\":\"The Band\",\"image\":{\"@type\":\"ImageObject\",\"inLanguage\":\"ro-RO\",\"@id\":\"https:\/\/www.bandofcreators.com\/blog\/#\/schema\/person\/image\/\",\"url\":\"https:\/\/secure.gravatar.com\/avatar\/9dd5a0cd6434444f9249102543ccc506addaaf7722433a85e8aeeebac6f6ece2?s=96&d=mm&r=g\",\"contentUrl\":\"https:\/\/secure.gravatar.com\/avatar\/9dd5a0cd6434444f9249102543ccc506addaaf7722433a85e8aeeebac6f6ece2?s=96&d=mm&r=g\",\"caption\":\"The Band\"},\"url\":\"https:\/\/www.bandofcreators.com\/blog\/author\/admin\/\"}]}<\/script>\n<!-- \/ Yoast SEO plugin. -->","yoast_head_json":{"title":"Alegeri editoriale pentru o prim\u0103var\u0103 cu stil - Blog BandofCreators","robots":{"index":"index","follow":"follow","max-snippet":"max-snippet:-1","max-image-preview":"max-image-preview:large","max-video-preview":"max-video-preview:-1"},"canonical":"https:\/\/www.bandofcreators.com\/blog\/2019\/04\/16\/alegeri-editoriale-pentru-o-primavara-cu-stil\/","og_locale":"ro_RO","og_type":"article","og_title":"Alegeri editoriale pentru o prim\u0103var\u0103 cu stil - Blog BandofCreators","og_description":"&nbsp;&nbsp;&nbsp;&nbsp;&nbsp;&nbsp;&nbsp;&nbsp;&nbsp;&nbsp;&nbsp;&nbsp;&nbsp;&nbsp;&nbsp;&nbsp;&nbsp;&nbsp;&nbsp;&nbsp;&nbsp;&nbsp;&nbsp;&nbsp;&nbsp;&nbsp;&nbsp;&nbsp;&nbsp;&nbsp;&nbsp;&nbsp;&nbsp;&nbsp;&nbsp;&nbsp;&nbsp;&nbsp;&nbsp; \u0218tim c\u0103 nu ai timp s\u0103 r\u0103scole\u0219ti \u00een dressing \u0219i s\u0103 compui \u021binute, a\u0219a c\u0103 echipa noastr\u0103 a propus pentru tine \u0219apte&hellip;","og_url":"https:\/\/www.bandofcreators.com\/blog\/2019\/04\/16\/alegeri-editoriale-pentru-o-primavara-cu-stil\/","og_site_name":"Blog BandofCreators","article_publisher":"https:\/\/www.facebook.com\/bandofcreators\/","article_published_time":"2019-04-16T09:59:25+00:00","article_modified_time":"2019-05-10T08:36:50+00:00","og_image":[{"width":1920,"height":1080,"url":"https:\/\/www.bandofcreators.com\/blog\/wp-content\/uploads\/2019\/04\/cover-1.jpg","type":"image\/jpeg"}],"author":"The Band","twitter_card":"summary_large_image","twitter_misc":{"Scris de":"The Band","Timp estimat pentru citire":"2 minute"},"schema":{"@context":"https:\/\/schema.org","@graph":[{"@type":"Article","@id":"https:\/\/www.bandofcreators.com\/blog\/2019\/04\/16\/alegeri-editoriale-pentru-o-primavara-cu-stil\/#article","isPartOf":{"@id":"https:\/\/www.bandofcreators.com\/blog\/2019\/04\/16\/alegeri-editoriale-pentru-o-primavara-cu-stil\/"},"author":{"name":"The Band","@id":"https:\/\/www.bandofcreators.com\/blog\/#\/schema\/person\/f3322c3d6211d84e05dedd0fe71f5a3f"},"headline":"Alegeri editoriale pentru o prim\u0103var\u0103 cu stil","datePublished":"2019-04-16T09:59:25+00:00","dateModified":"2019-05-10T08:36:50+00:00","mainEntityOfPage":{"@id":"https:\/\/www.bandofcreators.com\/blog\/2019\/04\/16\/alegeri-editoriale-pentru-o-primavara-cu-stil\/"},"wordCount":442,"commentCount":0,"publisher":{"@id":"https:\/\/www.bandofcreators.com\/blog\/#organization"},"image":{"@id":"https:\/\/www.bandofcreators.com\/blog\/2019\/04\/16\/alegeri-editoriale-pentru-o-primavara-cu-stil\/#primaryimage"},"thumbnailUrl":"https:\/\/www.bandofcreators.com\/blog\/wp-content\/uploads\/2019\/04\/cover-1.jpg","articleSection":["BLOG"],"inLanguage":"ro-RO","potentialAction":[{"@type":"CommentAction","name":"Comment","target":["https:\/\/www.bandofcreators.com\/blog\/2019\/04\/16\/alegeri-editoriale-pentru-o-primavara-cu-stil\/#respond"]}]},{"@type":"WebPage","@id":"https:\/\/www.bandofcreators.com\/blog\/2019\/04\/16\/alegeri-editoriale-pentru-o-primavara-cu-stil\/","url":"https:\/\/www.bandofcreators.com\/blog\/2019\/04\/16\/alegeri-editoriale-pentru-o-primavara-cu-stil\/","name":"Alegeri editoriale pentru o prim\u0103var\u0103 cu stil - Blog BandofCreators","isPartOf":{"@id":"https:\/\/www.bandofcreators.com\/blog\/#website"},"primaryImageOfPage":{"@id":"https:\/\/www.bandofcreators.com\/blog\/2019\/04\/16\/alegeri-editoriale-pentru-o-primavara-cu-stil\/#primaryimage"},"image":{"@id":"https:\/\/www.bandofcreators.com\/blog\/2019\/04\/16\/alegeri-editoriale-pentru-o-primavara-cu-stil\/#primaryimage"},"thumbnailUrl":"https:\/\/www.bandofcreators.com\/blog\/wp-content\/uploads\/2019\/04\/cover-1.jpg","datePublished":"2019-04-16T09:59:25+00:00","dateModified":"2019-05-10T08:36:50+00:00","breadcrumb":{"@id":"https:\/\/www.bandofcreators.com\/blog\/2019\/04\/16\/alegeri-editoriale-pentru-o-primavara-cu-stil\/#breadcrumb"},"inLanguage":"ro-RO","potentialAction":[{"@type":"ReadAction","target":["https:\/\/www.bandofcreators.com\/blog\/2019\/04\/16\/alegeri-editoriale-pentru-o-primavara-cu-stil\/"]}]},{"@type":"ImageObject","inLanguage":"ro-RO","@id":"https:\/\/www.bandofcreators.com\/blog\/2019\/04\/16\/alegeri-editoriale-pentru-o-primavara-cu-stil\/#primaryimage","url":"https:\/\/www.bandofcreators.com\/blog\/wp-content\/uploads\/2019\/04\/cover-1.jpg","contentUrl":"https:\/\/www.bandofcreators.com\/blog\/wp-content\/uploads\/2019\/04\/cover-1.jpg","width":1920,"height":1080},{"@type":"BreadcrumbList","@id":"https:\/\/www.bandofcreators.com\/blog\/2019\/04\/16\/alegeri-editoriale-pentru-o-primavara-cu-stil\/#breadcrumb","itemListElement":[{"@type":"ListItem","position":1,"name":"Home","item":"https:\/\/www.bandofcreators.com\/blog\/"},{"@type":"ListItem","position":2,"name":"Alegeri editoriale pentru o prim\u0103var\u0103 cu stil"}]},{"@type":"WebSite","@id":"https:\/\/www.bandofcreators.com\/blog\/#website","url":"https:\/\/www.bandofcreators.com\/blog\/","name":"Blog BandofCreators","description":"Recomandari Haine Designeri Romani","publisher":{"@id":"https:\/\/www.bandofcreators.com\/blog\/#organization"},"potentialAction":[{"@type":"SearchAction","target":{"@type":"EntryPoint","urlTemplate":"https:\/\/www.bandofcreators.com\/blog\/?s={search_term_string}"},"query-input":{"@type":"PropertyValueSpecification","valueRequired":true,"valueName":"search_term_string"}}],"inLanguage":"ro-RO"},{"@type":"Organization","@id":"https:\/\/www.bandofcreators.com\/blog\/#organization","name":"Band of Creators","url":"https:\/\/www.bandofcreators.com\/blog\/","logo":{"@type":"ImageObject","inLanguage":"ro-RO","@id":"https:\/\/www.bandofcreators.com\/blog\/#\/schema\/logo\/image\/","url":"https:\/\/www.bandofcreators.com\/blog\/wp-content\/uploads\/2019\/03\/logo-landscape-1-Band-of-Creators-negru-main-logo-pentru-fundal-deschis.jpg","contentUrl":"https:\/\/www.bandofcreators.com\/blog\/wp-content\/uploads\/2019\/03\/logo-landscape-1-Band-of-Creators-negru-main-logo-pentru-fundal-deschis.jpg","width":9470,"height":1916,"caption":"Band of Creators"},"image":{"@id":"https:\/\/www.bandofcreators.com\/blog\/#\/schema\/logo\/image\/"},"sameAs":["https:\/\/www.facebook.com\/bandofcreators\/","https:\/\/www.instagram.com\/bandofcreators\/"]},{"@type":"Person","@id":"https:\/\/www.bandofcreators.com\/blog\/#\/schema\/person\/f3322c3d6211d84e05dedd0fe71f5a3f","name":"The Band","image":{"@type":"ImageObject","inLanguage":"ro-RO","@id":"https:\/\/www.bandofcreators.com\/blog\/#\/schema\/person\/image\/","url":"https:\/\/secure.gravatar.com\/avatar\/9dd5a0cd6434444f9249102543ccc506addaaf7722433a85e8aeeebac6f6ece2?s=96&d=mm&r=g","contentUrl":"https:\/\/secure.gravatar.com\/avatar\/9dd5a0cd6434444f9249102543ccc506addaaf7722433a85e8aeeebac6f6ece2?s=96&d=mm&r=g","caption":"The Band"},"url":"https:\/\/www.bandofcreators.com\/blog\/author\/admin\/"}]}},"_links":{"self":[{"href":"https:\/\/www.bandofcreators.com\/blog\/wp-json\/wp\/v2\/posts\/1512","targetHints":{"allow":["GET"]}}],"collection":[{"href":"https:\/\/www.bandofcreators.com\/blog\/wp-json\/wp\/v2\/posts"}],"about":[{"href":"https:\/\/www.bandofcreators.com\/blog\/wp-json\/wp\/v2\/types\/post"}],"author":[{"embeddable":true,"href":"https:\/\/www.bandofcreators.com\/blog\/wp-json\/wp\/v2\/users\/1"}],"replies":[{"embeddable":true,"href":"https:\/\/www.bandofcreators.com\/blog\/wp-json\/wp\/v2\/comments?post=1512"}],"version-history":[{"count":6,"href":"https:\/\/www.bandofcreators.com\/blog\/wp-json\/wp\/v2\/posts\/1512\/revisions"}],"predecessor-version":[{"id":1566,"href":"https:\/\/www.bandofcreators.com\/blog\/wp-json\/wp\/v2\/posts\/1512\/revisions\/1566"}],"wp:featuredmedia":[{"embeddable":true,"href":"https:\/\/www.bandofcreators.com\/blog\/wp-json\/wp\/v2\/media\/1560"}],"wp:attachment":[{"href":"https:\/\/www.bandofcreators.com\/blog\/wp-json\/wp\/v2\/media?parent=1512"}],"wp:term":[{"taxonomy":"category","embeddable":true,"href":"https:\/\/www.bandofcreators.com\/blog\/wp-json\/wp\/v2\/categories?post=1512"},{"taxonomy":"post_tag","embeddable":true,"href":"https:\/\/www.bandofcreators.com\/blog\/wp-json\/wp\/v2\/tags?post=1512"}],"curies":[{"name":"wp","href":"https:\/\/api.w.org\/{rel}","templated":true}]}}